{"id":2788,"date":"2026-03-23T21:38:09","date_gmt":"2026-03-23T21:38:09","guid":{"rendered":"https:\/\/www.jf-belver.pt\/?p=2788"},"modified":"2026-03-23T21:38:09","modified_gmt":"2026-03-23T21:38:09","slug":"transbordo-rodoviario-de-passageiros","status":"publish","type":"post","link":"https:\/\/www.jf-belver.pt\/?p=2788","title":{"rendered":"Transbordo rodovi\u00e1rio de passageiros"},"content":{"rendered":"<p>Devido ao aluimento de taludes entre Belver e Amieira do Tejo, a CP &#8211; Comboios de Portugal iniciou desde o dia 16 de mar\u00e7o 26 o servi\u00e7o de transbordo rodovi\u00e1rio de passageiros, para substitui\u00e7\u00e3o dos comboios da Linha da Beira Baixa:<\/p>\n<ul>\n<li>Intercidades, entre Guarda e Abrantes;<\/li>\n<li>Regional, entre Mouriscas A e Vila Velha de R\u00f3d\u00e3o.<\/li>\n<\/ul>\n","protected":false},"excerpt":{"rendered":"<p>Devido ao aluimento de taludes entre Belver e Amieira do Tejo, a CP &#8211; Comboios de Portugal iniciou desde o dia 16 de mar\u00e7o 26 o servi\u00e7o de transbordo rodovi\u00e1rio de passageiros, para substitui\u00e7\u00e3o dos comboios da Linha da Beira Baixa: Intercidades, entre Guarda e Abrantes; Regional, entre Mouriscas A e Vila Velha de R\u00f3d\u00e3o.<\/p>\n","protected":false},"author":2,"featured_media":2789,"comment_status":"closed","ping_status":"closed","sticky":false,"template":"","format":"standard","meta":{"footnotes":""},"categories":[34],"tags":[],"class_list":["post-2788","post","type-post","status-publish","format-standard","has-post-thumbnail","hentry","category-noticias"],"_links":{"self":[{"href":"https:\/\/www.jf-belver.pt\/index.php?rest_route=\/wp\/v2\/posts\/2788","targetHints":{"allow":["GET"]}}],"collection":[{"href":"https:\/\/www.jf-belver.pt\/index.php?rest_route=\/wp\/v2\/posts"}],"about":[{"href":"https:\/\/www.jf-belver.pt\/index.php?rest_route=\/wp\/v2\/types\/post"}],"author":[{"embeddable":true,"href":"https:\/\/www.jf-belver.pt\/index.php?rest_route=\/wp\/v2\/users\/2"}],"replies":[{"embeddable":true,"href":"https:\/\/www.jf-belver.pt\/index.php?rest_route=%2Fwp%2Fv2%2Fcomments&post=2788"}],"version-history":[{"count":1,"href":"https:\/\/www.jf-belver.pt\/index.php?rest_route=\/wp\/v2\/posts\/2788\/revisions"}],"predecessor-version":[{"id":2790,"href":"https:\/\/www.jf-belver.pt\/index.php?rest_route=\/wp\/v2\/posts\/2788\/revisions\/2790"}],"wp:featuredmedia":[{"embeddable":true,"href":"https:\/\/www.jf-belver.pt\/index.php?rest_route=\/wp\/v2\/media\/2789"}],"wp:attachment":[{"href":"https:\/\/www.jf-belver.pt\/index.php?rest_route=%2Fwp%2Fv2%2Fmedia&parent=2788"}],"wp:term":[{"taxonomy":"category","embeddable":true,"href":"https:\/\/www.jf-belver.pt\/index.php?rest_route=%2Fwp%2Fv2%2Fcategories&post=2788"},{"taxonomy":"post_tag","embeddable":true,"href":"https:\/\/www.jf-belver.pt\/index.php?rest_route=%2Fwp%2Fv2%2Ftags&post=2788"}],"curies":[{"name":"wp","href":"https:\/\/api.w.org\/{rel}","templated":true}]}}