{"id":2784,"date":"2026-03-11T22:25:20","date_gmt":"2026-03-11T22:25:20","guid":{"rendered":"https:\/\/www.jf-belver.pt\/?p=2784"},"modified":"2026-03-11T22:25:20","modified_gmt":"2026-03-11T22:25:20","slug":"dia-internacional-da-mulher-8-de-marco","status":"publish","type":"post","link":"https:\/\/www.jf-belver.pt\/?p=2784","title":{"rendered":"Dia Internacional da Mulher &#8211; 8 de Mar\u00e7o"},"content":{"rendered":"<p>Hoje celebramos a for\u00e7a, a dedica\u00e7\u00e3o e o contributo de todas as mulheres que fazem parte da nossa comunidade.<br \/>\nNeste dia , a Junta de Freguesia de Belver presta homenagem \u00e0s mulheres que, com o seu trabalho, coragem e determina\u00e7\u00e3o, ajudam a construir uma freguesia de igualdades.<br \/>\nReconhecemos o papel fundamental das mulheres na fam\u00edlia, no trabalho, na cultura e na sociedade, e reafirmamos o nosso compromisso com a igualdade e o respeito.<br \/>\nA todas as Mulheres da Freguesia de Belver, o nosso sincero agradecimento e reconhecimento.<br \/>\nFeliz Dia Internacional da Mulher!<\/p>\n","protected":false},"excerpt":{"rendered":"<p>Hoje celebramos a for\u00e7a, a dedica\u00e7\u00e3o e o contributo de todas as mulheres que fazem parte da nossa comunidade. Neste dia , a Junta de Freguesia de Belver presta homenagem \u00e0s mulheres que, com o seu trabalho, coragem e determina\u00e7\u00e3o, ajudam a construir uma freguesia de igualdades. Reconhecemos o papel fundamental das mulheres na fam\u00edlia, [&hellip;]<\/p>\n","protected":false},"author":2,"featured_media":2785,"comment_status":"closed","ping_status":"closed","sticky":false,"template":"","format":"standard","meta":{"footnotes":""},"categories":[34],"tags":[],"class_list":["post-2784","post","type-post","status-publish","format-standard","has-post-thumbnail","hentry","category-noticias"],"_links":{"self":[{"href":"https:\/\/www.jf-belver.pt\/index.php?rest_route=\/wp\/v2\/posts\/2784","targetHints":{"allow":["GET"]}}],"collection":[{"href":"https:\/\/www.jf-belver.pt\/index.php?rest_route=\/wp\/v2\/posts"}],"about":[{"href":"https:\/\/www.jf-belver.pt\/index.php?rest_route=\/wp\/v2\/types\/post"}],"author":[{"embeddable":true,"href":"https:\/\/www.jf-belver.pt\/index.php?rest_route=\/wp\/v2\/users\/2"}],"replies":[{"embeddable":true,"href":"https:\/\/www.jf-belver.pt\/index.php?rest_route=%2Fwp%2Fv2%2Fcomments&post=2784"}],"version-history":[{"count":1,"href":"https:\/\/www.jf-belver.pt\/index.php?rest_route=\/wp\/v2\/posts\/2784\/revisions"}],"predecessor-version":[{"id":2786,"href":"https:\/\/www.jf-belver.pt\/index.php?rest_route=\/wp\/v2\/posts\/2784\/revisions\/2786"}],"wp:featuredmedia":[{"embeddable":true,"href":"https:\/\/www.jf-belver.pt\/index.php?rest_route=\/wp\/v2\/media\/2785"}],"wp:attachment":[{"href":"https:\/\/www.jf-belver.pt\/index.php?rest_route=%2Fwp%2Fv2%2Fmedia&parent=2784"}],"wp:term":[{"taxonomy":"category","embeddable":true,"href":"https:\/\/www.jf-belver.pt\/index.php?rest_route=%2Fwp%2Fv2%2Fcategories&post=2784"},{"taxonomy":"post_tag","embeddable":true,"href":"https:\/\/www.jf-belver.pt\/index.php?rest_route=%2Fwp%2Fv2%2Ftags&post=2784"}],"curies":[{"name":"wp","href":"https:\/\/api.w.org\/{rel}","templated":true}]}}