{"id":2403,"date":"2024-10-07T08:18:38","date_gmt":"2024-10-07T08:18:38","guid":{"rendered":"https:\/\/www.jf-belver.pt\/?p=2403"},"modified":"2024-10-07T08:18:38","modified_gmt":"2024-10-07T08:18:38","slug":"grande-festa-senior","status":"publish","type":"post","link":"https:\/\/www.jf-belver.pt\/?p=2403","title":{"rendered":"Grande Festa S\u00e9nior!"},"content":{"rendered":"<p>Organiza\u00e7\u00e3o: C\u00e2mara Municipal de Gavi\u00e3o<br \/>\nInscri\u00e7\u00f5es at\u00e9 ao dia 16 outubro, juntas de freguesia e Munic\u00edpio Gavi\u00e3o!<\/p>\n","protected":false},"excerpt":{"rendered":"<p>Organiza\u00e7\u00e3o: C\u00e2mara Municipal de Gavi\u00e3o Inscri\u00e7\u00f5es at\u00e9 ao dia 16 outubro, juntas de freguesia e Munic\u00edpio Gavi\u00e3o!<\/p>\n","protected":false},"author":2,"featured_media":2404,"comment_status":"closed","ping_status":"closed","sticky":false,"template":"","format":"standard","meta":{"footnotes":""},"categories":[34],"tags":[],"class_list":["post-2403","post","type-post","status-publish","format-standard","has-post-thumbnail","hentry","category-noticias"],"_links":{"self":[{"href":"https:\/\/www.jf-belver.pt\/index.php?rest_route=\/wp\/v2\/posts\/2403","targetHints":{"allow":["GET"]}}],"collection":[{"href":"https:\/\/www.jf-belver.pt\/index.php?rest_route=\/wp\/v2\/posts"}],"about":[{"href":"https:\/\/www.jf-belver.pt\/index.php?rest_route=\/wp\/v2\/types\/post"}],"author":[{"embeddable":true,"href":"https:\/\/www.jf-belver.pt\/index.php?rest_route=\/wp\/v2\/users\/2"}],"replies":[{"embeddable":true,"href":"https:\/\/www.jf-belver.pt\/index.php?rest_route=%2Fwp%2Fv2%2Fcomments&post=2403"}],"version-history":[{"count":1,"href":"https:\/\/www.jf-belver.pt\/index.php?rest_route=\/wp\/v2\/posts\/2403\/revisions"}],"predecessor-version":[{"id":2405,"href":"https:\/\/www.jf-belver.pt\/index.php?rest_route=\/wp\/v2\/posts\/2403\/revisions\/2405"}],"wp:featuredmedia":[{"embeddable":true,"href":"https:\/\/www.jf-belver.pt\/index.php?rest_route=\/wp\/v2\/media\/2404"}],"wp:attachment":[{"href":"https:\/\/www.jf-belver.pt\/index.php?rest_route=%2Fwp%2Fv2%2Fmedia&parent=2403"}],"wp:term":[{"taxonomy":"category","embeddable":true,"href":"https:\/\/www.jf-belver.pt\/index.php?rest_route=%2Fwp%2Fv2%2Fcategories&post=2403"},{"taxonomy":"post_tag","embeddable":true,"href":"https:\/\/www.jf-belver.pt\/index.php?rest_route=%2Fwp%2Fv2%2Ftags&post=2403"}],"curies":[{"name":"wp","href":"https:\/\/api.w.org\/{rel}","templated":true}]}}