{"id":1279,"date":"2022-01-10T13:25:36","date_gmt":"2022-01-10T13:25:36","guid":{"rendered":"https:\/\/www.jf-belver.pt\/?p=1279"},"modified":"2022-01-10T13:25:36","modified_gmt":"2022-01-10T13:25:36","slug":"tomada-de-posse-dos-membros-da-assembleia-de-freguesia-de-belver","status":"publish","type":"post","link":"https:\/\/www.jf-belver.pt\/?p=1279","title":{"rendered":"Tomada de Posse dos membros da Assembleia de Freguesia de Belver"},"content":{"rendered":"\n<p>A minha primeira interven\u00e7\u00e3o como Presidente de Junta de Freguesia de Belver.<\/p>\n\n\n\n<p>Sr. Vice-presidente da C\u00e2mara Municipal<\/p>\n\n\n\n<p>Sr. Presidente da Assembleia Municipal<\/p>\n\n\n\n<p>Sr. Presidente do Centro Social Belverense<\/p>\n\n\n\n<p>Sr. Comandante dos Bombeiros Volunt\u00e1rios de Gavi\u00e3o<\/p>\n\n\n\n<p>Sr. Comandante do Posto Territorial de Gavi\u00e3o<\/p>\n\n\n\n<p>Estimado amigo &nbsp;Francisco Louro, o seu exemplo de milit\u00e2ncia nas causas pol\u00edticas e na Prote\u00e7\u00e3o Civil, s\u00e3o exemplares, \u00e9 uma honra contar com a sua presen\u00e7a neste dia.<\/p>\n\n\n\n<p>Senhores Presidentes das Associa\u00e7\u00f5es da Freguesia<\/p>\n\n\n\n<p>Senhoras e senhores eleitos<\/p>\n\n\n\n<p>Caras e Caros funcion\u00e1rios da Junta de Freguesia<\/p>\n\n\n\n<p>Caras amigas e Caros amigos<\/p>\n\n\n\n<p>Inicio a minha interven\u00e7\u00e3o com um cumprimento muito especial ao Sr. Ant\u00f3nio Paulo, Presidente da Assembleia de Freguesia de Belver, durante o \u00faltimo mandato, que hoje assumiu essas fun\u00e7\u00f5es com enorme dignidade institucional pela \u00faltima vez.<\/p>\n\n\n\n<p>Um homem que dedicou grande parte da sua vida \u00e0 causa p\u00fablica e que de forma exemplar valorizou a condu\u00e7\u00e3o dos trabalhos da assembleia de freguesia, nos \u00faltimos quatro anos.<\/p>\n\n\n\n<p>O devido reconhecimento e homenagem ser-lhe-\u00e3o prestados num momento pr\u00f3prio, a anunciar muito em breve.<\/p>\n\n\n\n<p>H\u00e1 quatro anos, proferi palavras de esperan\u00e7a e resili\u00eancia face \u00e0 trag\u00e9dia dos inc\u00eandios que tanto afetou as nossas vidas.<\/p>\n\n\n\n<p>Hoje, refor\u00e7o esse estado esp\u00edrito, com renovada for\u00e7a e resili\u00eancia, pois a pandemia alterou a vida de todas e de todos.<\/p>\n\n\n\n<p>O executivo da Junta de Freguesia n\u00e3o desmobilizou, esteve presente como sempre junto das pessoas e desenvolveu todos os esfor\u00e7os necess\u00e1rios para minimizar as consequ\u00eancias nefastas que esta pandemia lhes causou.<\/p>\n\n\n\n<p>Execut\u00e1mos uma gest\u00e3o exigente, em condi\u00e7\u00f5es at\u00edpicas e dif\u00edceis, mas sempre orientada para o interesse p\u00fablico e afirma\u00e7\u00e3o dos valores da solidariedade.<\/p>\n\n\n\n<p>Nas recentes Elei\u00e7\u00f5es Aut\u00e1rquicas fomos agraciados com um refor\u00e7ado e expressivo resultado eleitoral, que muito nos orgulhou.<\/p>\n\n\n\n<p>Responsabilidade, transpar\u00eancia e compet\u00eancia, s\u00e3o as palavras de ordem que sempre caracterizaram a nossa governa\u00e7\u00e3o e, assim se manter\u00e3o no pr\u00f3ximo mandato.<\/p>\n\n\n\n<p>Nos \u00faltimos oitos anos fizemos muito, lut\u00e1mos pela valoriza\u00e7\u00e3o do nosso patrim\u00f3nio hist\u00f3rico, cultural e tur\u00edstico.<\/p>\n\n\n\n<p>Lut\u00e1mos sempre pela afirma\u00e7\u00e3o e dignifica\u00e7\u00e3o da nossa Freguesia.<\/p>\n\n\n\n<p>Mas muito h\u00e1 a fazer pois as ideias n\u00e3o se esgotaram, nem a nossa ambi\u00e7\u00e3o!<\/p>\n\n\n\n<p>Temos muitos projetos para os pr\u00f3ximos quatros anos.<\/p>\n\n\n\n<p>Promover a economia local, com a organiza\u00e7\u00e3o da segunda edi\u00e7\u00e3o da Feira do Azeite, j\u00e1 em dezembro, os Folares da Freguesia e a Prova de vinhos, na \u00e9poca da P\u00e1scoa.<\/p>\n\n\n\n<p>Vamos apoiar log\u00edstica e financeiramente o Centro Social Belverense, as Associa\u00e7\u00f5es Recreativas de todas as nossas aldeias, o nosso Grupo de Cantares Terras de Guidintesta, os nossos Bombeiros Volunt\u00e1rios, vamos renovar os apoios e colabora\u00e7\u00f5es pontuais \u00e0 Educa\u00e7\u00e3o, \u00e0 Cultura, \u00e0 Par\u00f3quia de Belver.<\/p>\n\n\n\n<p>A C\u00e2mara Municipal \u00e9 o nosso parceiro de excel\u00eancia e como tal, contamos com o seu imperativo apoio quer a n\u00edvel de recursos humanos, quer a n\u00edvel de recursos financeiros, desejavelmente num quadro de transfer\u00eancia de compet\u00eancias, como est\u00e1 a acontecer um pouco por todo o Pa\u00eds.<\/p>\n\n\n\n<p>Porque o sucesso da Freguesia de Belver, ser\u00e1 o sucesso do Munic\u00edpio de Gavi\u00e3o!<\/p>\n\n\n\n<p>N\u00e3o h\u00e1 desenvolvimento tur\u00edstico sem a valoriza\u00e7\u00e3o e contributo da Freguesia de Belver.<\/p>\n\n\n\n<p>Estamos dispon\u00edveis para colaborar, somos poucos e se sozinhos somos mais r\u00e1pidos, juntos seremos mais fortes e conseguiremos ir mais longe.<\/p>\n\n\n\n<p>A Freguesia de Belver, a sua popula\u00e7\u00e3o, as suas empresas e as suas institui\u00e7\u00f5es merecem mais investimento!<\/p>\n\n\n\n<p>A a\u00e7\u00e3o deste executivo para o mandato 2021\/2025, conta com o apoio da c\u00e2mara municipal e projeta-se em objetivos gerais e objetivos espec\u00edficos.<\/p>\n\n\n\n<p>Objetivos gerais:<\/p>\n\n\n\n<ul class=\"wp-block-list\"><li>Recupera\u00e7\u00e3o do edif\u00edcio da Escola Velha para habita\u00e7\u00e3o social;<\/li><li>Constru\u00e7\u00e3o de uma piscina municipal e espa\u00e7o de lazer;<\/li><li>Apoio jur\u00eddico na regulariza\u00e7\u00e3o do Pr\u00e9dio de Lisboa;<\/li><li>Conclus\u00e3o da recupera\u00e7\u00e3o do Lagar da Fraga, da Azenha, da levada e musealiza\u00e7\u00e3o dos espa\u00e7os interiores ;<\/li><li>Pavimenta\u00e7\u00e3o de arruamentos em v\u00e1rias aldeias da Freguesia.<\/li><\/ul>\n\n\n\n<p>Objetivos espec\u00edficos:<\/p>\n\n\n\n<ul class=\"wp-block-list\"><li>Recupera\u00e7\u00e3o da capela do cemit\u00e9rio;<\/li><li>Recupera\u00e7\u00e3o dos restantes fornos comunit\u00e1rios da Freguesia.<\/li><li>Substitui\u00e7\u00e3o das coberturas em amianto dos lavadouros em todas as aldeias.<\/li><\/ul>\n\n\n\n<p>Abra\u00e7\u00e1mos este compromisso com muita ambi\u00e7\u00e3o e paix\u00e3o.<\/p>\n\n\n\n<p>Somos uma equipa coesa e motivada, daremos o melhor de n\u00f3s em tudo o que fizermos, sempre a pensar nos nossos fregueses.<\/p>\n\n\n\n<p>Ser\u00e1 um orgulho imenso lutar pelas vossas causas, representando esta maravilhosa e singular Freguesia de Belver!<\/p>\n\n\n\n<p>Vamos ao trabalho!!!<\/p>\n","protected":false},"excerpt":{"rendered":"<p>A minha primeira interven\u00e7\u00e3o como Presidente de Junta de Freguesia de Belver. Sr. Vice-presidente da C\u00e2mara Municipal Sr. Presidente da Assembleia Municipal Sr. Presidente do Centro Social Belverense Sr. Comandante dos Bombeiros Volunt\u00e1rios de Gavi\u00e3o Sr. Comandante do Posto Territorial de Gavi\u00e3o Estimado amigo &nbsp;Francisco Louro, o seu exemplo de milit\u00e2ncia nas causas pol\u00edticas e [&hellip;]<\/p>\n","protected":false},"author":2,"featured_media":1280,"comment_status":"closed","ping_status":"open","sticky":false,"template":"","format":"standard","meta":{"footnotes":""},"categories":[34],"tags":[],"class_list":["post-1279","post","type-post","status-publish","format-standard","has-post-thumbnail","hentry","category-noticias"],"_links":{"self":[{"href":"https:\/\/www.jf-belver.pt\/index.php?rest_route=\/wp\/v2\/posts\/1279","targetHints":{"allow":["GET"]}}],"collection":[{"href":"https:\/\/www.jf-belver.pt\/index.php?rest_route=\/wp\/v2\/posts"}],"about":[{"href":"https:\/\/www.jf-belver.pt\/index.php?rest_route=\/wp\/v2\/types\/post"}],"author":[{"embeddable":true,"href":"https:\/\/www.jf-belver.pt\/index.php?rest_route=\/wp\/v2\/users\/2"}],"replies":[{"embeddable":true,"href":"https:\/\/www.jf-belver.pt\/index.php?rest_route=%2Fwp%2Fv2%2Fcomments&post=1279"}],"version-history":[{"count":1,"href":"https:\/\/www.jf-belver.pt\/index.php?rest_route=\/wp\/v2\/posts\/1279\/revisions"}],"predecessor-version":[{"id":1281,"href":"https:\/\/www.jf-belver.pt\/index.php?rest_route=\/wp\/v2\/posts\/1279\/revisions\/1281"}],"wp:featuredmedia":[{"embeddable":true,"href":"https:\/\/www.jf-belver.pt\/index.php?rest_route=\/wp\/v2\/media\/1280"}],"wp:attachment":[{"href":"https:\/\/www.jf-belver.pt\/index.php?rest_route=%2Fwp%2Fv2%2Fmedia&parent=1279"}],"wp:term":[{"taxonomy":"category","embeddable":true,"href":"https:\/\/www.jf-belver.pt\/index.php?rest_route=%2Fwp%2Fv2%2Fcategories&post=1279"},{"taxonomy":"post_tag","embeddable":true,"href":"https:\/\/www.jf-belver.pt\/index.php?rest_route=%2Fwp%2Fv2%2Ftags&post=1279"}],"curies":[{"name":"wp","href":"https:\/\/api.w.org\/{rel}","templated":true}]}}